{"id":16286,"date":"2022-04-04T13:52:45","date_gmt":"2022-04-04T11:52:45","guid":{"rendered":"https:\/\/adequat.eu\/de\/?p=16286"},"modified":"2024-09-19T11:04:24","modified_gmt":"2024-09-19T09:04:24","slug":"edelkastanie-prag","status":"publish","type":"post","link":"https:\/\/adequat.eu\/de\/aktuell\/edelkastanie-prag\/","title":{"rendered":"Edelkastanien in Prag"},"content":{"rendered":"<p>Letzte Woche habe ich aus Prag gearbeitet. Da ich mich um bei Ad\u00e9quat fast ausschlie\u00dflich um die Website k\u00fcmmere, brauche ich eigentlich nur einen Computer und eine gute Internetverbindung, um meinen Job gut machen zu k\u00f6nnen. So konnte ich meinen Mann w\u00e4hrend seiner beruflichen T\u00e4tigkeit in Prag begleiten.<\/p>\n<p>Oft lasse ich mich auf Reisen inspirieren: Gibt es neue Ideen f\u00fcr unsere <strong><a href=\"https:\/\/adequat.eu\/de\/produkte\/kastanienzaun-naturzaun\/\">Naturz\u00e4une<\/a><\/strong>? Und gibt es hier eigentlich auch <strong><a href=\"https:\/\/adequat.eu\/de\/produkte\/kastanienzaun-naturzaun\/staketenzaun\/\">Staketenz\u00e4une<\/a><\/strong>? Wenn ja, aus welchem Material sind sie gemacht? Aus Kastanie (Edelkastanie) oder aus Robinie?<\/p>\n<p>Seit ich im Team von Ad\u00e9quat bin habe ich einen extra Sinn entwickelt: f\u00fcr Kastanienz\u00e4une! \u00dcberall schaue ich mir die Gartenz\u00e4une an! Ja, es ist wirklich so! In den G\u00e4rten suche ich nach hochwertigen Gartenz\u00e4unen aus Kastanie. Wenn ich f\u00fcndig geworden bin, freue ich mich wie ein kleines Kind! Und manchmal entdecke ich sogar ein kleines Ad\u00e9quat Schildchen am Zaun. Das bedeutet, dass der Zaun von uns hergestellt und geliefert wurde! Oh, es ist wirklich sch\u00f6n, wenn man seine eigenen Produkte pl\u00f6tzlich ganz unerwartet auf einer Reise entdeckt.<\/p>\n<p><img decoding=\"async\" class=\"wp-image-29741 alignleft entered lazyloaded\" src=\"https:\/\/adequat.eu\/nl\/wp-content\/uploads\/sites\/2\/2022\/03\/IMG_7166-6-992x1323.jpg\" alt=\"\" width=\"269\" height=\"358\" data-lazy-srcset=\"https:\/\/adequat.eu\/nl\/wp-content\/uploads\/sites\/2\/2022\/03\/IMG_7166-6-992x1323.jpg 992w, https:\/\/adequat.eu\/nl\/wp-content\/uploads\/sites\/2\/2022\/03\/IMG_7166-6-1200x1600.jpg 1200w, https:\/\/adequat.eu\/nl\/wp-content\/uploads\/sites\/2\/2022\/03\/IMG_7166-6-384x512.jpg 384w, https:\/\/adequat.eu\/nl\/wp-content\/uploads\/sites\/2\/2022\/03\/IMG_7166-6-576x768.jpg 576w, https:\/\/adequat.eu\/nl\/wp-content\/uploads\/sites\/2\/2022\/03\/IMG_7166-6-768x1024.jpg 768w, https:\/\/adequat.eu\/nl\/wp-content\/uploads\/sites\/2\/2022\/03\/IMG_7166-6-1920x2560.jpg 1920w, https:\/\/adequat.eu\/nl\/wp-content\/uploads\/sites\/2\/2022\/03\/IMG_7166-6-2560x3413.jpg 2560w, https:\/\/adequat.eu\/nl\/wp-content\/uploads\/sites\/2\/2022\/03\/IMG_7166-6-rotated.jpg 1500w\" data-lazy-sizes=\"(max-width: 269px) 100vw, 269px\" data-lazy-src=\"https:\/\/adequat.eu\/nl\/wp-content\/uploads\/sites\/2\/2022\/03\/IMG_7166-6-992x1323.jpg\" data-ll-status=\"loaded\" \/><\/p>\n<p>Oft suche ich auch nach Produkten aus Holz, die meinen Kollegen bei Ad\u00e9quat als Inspiration dienen k\u00f6nnten.<\/p>\n<p>Direkt nach unserer Ankunft in Prag fiel mein Auge auf diesen Stuhl aus Holz. Genau wie bei unseren <strong><a href=\"https:\/\/adequat.eu\/de\/produkte\/holztore\/staketenzauntore\/\">Staketentoren<\/a> <\/strong>und den <strong><a href=\"https:\/\/adequat.eu\/de\/produkte\/kastanienzaun-naturzaun\/post-and-rail-fencing-fence-weidezaun-holz\/\">Post &amp; Rail Z\u00e4unen<\/a> <\/strong>entdeckte ich auch bei diesem Stuhl traditionelle Zapfenverbindungen.<\/p>\n<p>Ich habe direkt ein Foto geschossen und es an unser Team geschickt.<\/p>\n<p>Nach der Arbeit hatte ich abends Zeit, Prag zu entdecken. Was f\u00fcr eine sch\u00f6ne Stadt! Aber der Staketenzaun-Trend scheint hier noch nicht angekommen zu sein. Oder ich habe einfach nur keine Staketenz\u00e4une gesehen, das ist nat\u00fcrlich auch m\u00f6glich.<\/p>\n<p>Prag hat so viel zu bieten! Wir haben uns die wundersch\u00f6ner Prager Burg angesehen, sind durch die Altstadt geschlendert und auch \u00fcber die ber\u00fchmte Karlsbr\u00fccke (die Bogenbr\u00fccke \u00fcber der Moldau) gelaufen.<\/p>\n<p>Zwar kann so ein Foto nie die Wirklichkeit einfangen, aber ein paar Eindr\u00fccke wollte ich doch mit der Kamera festhalten.<\/p>\n<p>&nbsp;<\/p>\n<h3><strong>Edelkastanie an der Moldau<\/strong><\/h3>\n<p><img decoding=\"async\" class=\"wp-image-29736 alignright entered lazyloaded\" src=\"https:\/\/adequat.eu\/nl\/wp-content\/uploads\/sites\/2\/2022\/03\/GMUL8889-2-992x1764.jpg\" alt=\"\" width=\"192\" height=\"341\" data-lazy-srcset=\"https:\/\/adequat.eu\/nl\/wp-content\/uploads\/sites\/2\/2022\/03\/GMUL8889-2-992x1764.jpg 992w, https:\/\/adequat.eu\/nl\/wp-content\/uploads\/sites\/2\/2022\/03\/GMUL8889-2-1200x2133.jpg 1200w, https:\/\/adequat.eu\/nl\/wp-content\/uploads\/sites\/2\/2022\/03\/GMUL8889-2-384x683.jpg 384w, https:\/\/adequat.eu\/nl\/wp-content\/uploads\/sites\/2\/2022\/03\/GMUL8889-2-576x1024.jpg 576w, https:\/\/adequat.eu\/nl\/wp-content\/uploads\/sites\/2\/2022\/03\/GMUL8889-2-768x1365.jpg 768w, https:\/\/adequat.eu\/nl\/wp-content\/uploads\/sites\/2\/2022\/03\/GMUL8889-2-1920x3413.jpg 1920w, https:\/\/adequat.eu\/nl\/wp-content\/uploads\/sites\/2\/2022\/03\/GMUL8889-2.jpg 1125w\" data-lazy-sizes=\"(max-width: 192px) 100vw, 192px\" data-lazy-src=\"https:\/\/adequat.eu\/nl\/wp-content\/uploads\/sites\/2\/2022\/03\/GMUL8889-2-992x1764.jpg\" data-ll-status=\"loaded\" \/>Zur\u00fcck in der Hotellobby wollte ich einen neuen Artikel f\u00fcr unsere Website schreiben. So sch\u00f6n der Spaziergang durch Prag auch war, so richtige Inspiration zum Thema Staketenz\u00e4une konnte ich nicht finden&#8230;<\/p>\n<p>Bei einer Tasse Kaffee scrolle ich durch meine Handyfotos. Vielleicht konnte ich dort noch Inspiration f\u00fcr meinen Blog-Artikel finden.. Und da sah ich es pl\u00f6tzlich! <strong>Ein Foto von einer Edelkastanie an der Karlsbr\u00fccke.<\/strong> Ich hatte doch ein Produkt aus Kastanie entdeckt! Und zwar einen echten Castanea sativa! Aus genau diesem Baum stellen wir unsere Staketenz\u00e4une und Post &amp; Rail Z\u00e4une her!<\/p>\n<p>Das kann doch kein Zufall sein! Und da fiel es mir wie Schuppen von den Augen: Ich hatte das Thema Kastanienholz wohl schon so tief in mir aufgenommen, dass ich quasi unbewusst Fotos von Edelkastanien machte. Sogar am Ufer der Moldau!<\/p>\n<p>Und die Kamera hatte den Baum sogar scharf im Fokus. Als ob ich diesen Baum nicht verpassen sollte&#8230;<\/p>\n<p>Wer sich nun fragt, was ist eigentlich der Unterschied zwischen der Edelkastanie oder der &#8222;normalen&#8220; Kastanie (der Rosskastanie), dem empfehle ich, <a href=\"https:\/\/adequat.eu\/de\/aktuell\/die-edelkastanie-ein-geschenk-von-mutter-natur\/\">mal hier zu schauen&#8230;<\/a><\/p>\n<p>&nbsp;<\/p>\n<p><img decoding=\"async\" class=\"alignnone size-medium wp-image-29739 entered lazyloaded\" src=\"https:\/\/adequat.eu\/nl\/wp-content\/uploads\/sites\/2\/2022\/03\/IMG_7216-992x744.jpg\" alt=\"Tamme Kastanjeboom\" width=\"992\" height=\"744\" data-lazy-srcset=\"https:\/\/adequat.eu\/nl\/wp-content\/uploads\/sites\/2\/2022\/03\/IMG_7216-992x744.jpg 992w, https:\/\/adequat.eu\/nl\/wp-content\/uploads\/sites\/2\/2022\/03\/IMG_7216-1200x900.jpg 1200w, https:\/\/adequat.eu\/nl\/wp-content\/uploads\/sites\/2\/2022\/03\/IMG_7216-384x288.jpg 384w, https:\/\/adequat.eu\/nl\/wp-content\/uploads\/sites\/2\/2022\/03\/IMG_7216-576x432.jpg 576w, https:\/\/adequat.eu\/nl\/wp-content\/uploads\/sites\/2\/2022\/03\/IMG_7216-768x576.jpg 768w, https:\/\/adequat.eu\/nl\/wp-content\/uploads\/sites\/2\/2022\/03\/IMG_7216-1920x1440.jpg 1920w, https:\/\/adequat.eu\/nl\/wp-content\/uploads\/sites\/2\/2022\/03\/IMG_7216-2560x1920.jpg 2560w, https:\/\/adequat.eu\/nl\/wp-content\/uploads\/sites\/2\/2022\/03\/IMG_7216.jpg 2000w\" data-lazy-sizes=\"(max-width: 992px) 100vw, 992px\" data-lazy-src=\"https:\/\/adequat.eu\/nl\/wp-content\/uploads\/sites\/2\/2022\/03\/IMG_7216-992x744.jpg\" data-ll-status=\"loaded\" \/><\/p>\n<p>Diese Edelkastanie an der Karlsbr\u00fccke bildet hier gerade ihre Bl\u00e4tter aus.<\/p>\n<p>So sieht die Edelkastanie dann aus, wenn sie in voller Bl\u00fcte steht:<\/p>\n<figure id=\"attachment_16288\" aria-describedby=\"caption-attachment-16288\" style=\"width: 992px\" class=\"wp-caption alignnone\"><img decoding=\"async\" class=\"wp-image-16288 size-medium\" src=\"https:\/\/adequat.eu\/de\/wp-content\/uploads\/sites\/3\/2022\/04\/staketenzaun-edelkastanie-992x679.jpg\" alt=\"Edelkastanie Zaun\" width=\"992\" height=\"679\" srcset=\"https:\/\/adequat.eu\/de\/wp-content\/uploads\/sites\/3\/2022\/04\/staketenzaun-edelkastanie-992x679.jpg 992w, https:\/\/adequat.eu\/de\/wp-content\/uploads\/sites\/3\/2022\/04\/staketenzaun-edelkastanie-800x547.jpg 800w, https:\/\/adequat.eu\/de\/wp-content\/uploads\/sites\/3\/2022\/04\/staketenzaun-edelkastanie-384x263.jpg 384w, https:\/\/adequat.eu\/de\/wp-content\/uploads\/sites\/3\/2022\/04\/staketenzaun-edelkastanie-576x394.jpg 576w, https:\/\/adequat.eu\/de\/wp-content\/uploads\/sites\/3\/2022\/04\/staketenzaun-edelkastanie-768x525.jpg 768w, https:\/\/adequat.eu\/de\/wp-content\/uploads\/sites\/3\/2022\/04\/staketenzaun-edelkastanie.jpg 924w\" sizes=\"(max-width: 992px) 100vw, 992px\" \/><figcaption id=\"caption-attachment-16288\" class=\"wp-caption-text\">Edelkastanie in voller Bl\u00fcte (Bild @Formatoriginal Adobe Stock)<\/figcaption><\/figure>\n","protected":false},"excerpt":{"rendered":"<p>Auch auf Reisen sucht mein Auge immer Edelkastanien&#8230;<\/p>\n","protected":false},"author":7,"featured_media":16288,"comment_status":"closed","ping_status":"closed","sticky":false,"template":"","format":"standard","meta":{"_acf_changed":false,"inline_featured_image":false,"_trash_the_other_posts":false,"ep_exclude_from_search":false,"iawp_total_views":1,"editor_notices":[],"footnotes":""},"categories":[335],"tags":[],"class_list":["post-16286","post","type-post","status-publish","format-standard","has-post-thumbnail","hentry","category-aktuell"],"acf":[],"_links":{"self":[{"href":"https:\/\/adequat.eu\/de\/wp-json\/wp\/v2\/posts\/16286","targetHints":{"allow":["GET"]}}],"collection":[{"href":"https:\/\/adequat.eu\/de\/wp-json\/wp\/v2\/posts"}],"about":[{"href":"https:\/\/adequat.eu\/de\/wp-json\/wp\/v2\/types\/post"}],"author":[{"embeddable":true,"href":"https:\/\/adequat.eu\/de\/wp-json\/wp\/v2\/users\/7"}],"replies":[{"embeddable":true,"href":"https:\/\/adequat.eu\/de\/wp-json\/wp\/v2\/comments?post=16286"}],"version-history":[{"count":13,"href":"https:\/\/adequat.eu\/de\/wp-json\/wp\/v2\/posts\/16286\/revisions"}],"predecessor-version":[{"id":32098,"href":"https:\/\/adequat.eu\/de\/wp-json\/wp\/v2\/posts\/16286\/revisions\/32098"}],"wp:featuredmedia":[{"embeddable":true,"href":"https:\/\/adequat.eu\/de\/wp-json\/wp\/v2\/media\/16288"}],"wp:attachment":[{"href":"https:\/\/adequat.eu\/de\/wp-json\/wp\/v2\/media?parent=16286"}],"wp:term":[{"taxonomy":"category","embeddable":true,"href":"https:\/\/adequat.eu\/de\/wp-json\/wp\/v2\/categories?post=16286"},{"taxonomy":"post_tag","embeddable":true,"href":"https:\/\/adequat.eu\/de\/wp-json\/wp\/v2\/tags?post=16286"}],"curies":[{"name":"wp","href":"https:\/\/api.w.org\/{rel}","templated":true}]}}