{"id":20527,"date":"2022-11-22T17:53:43","date_gmt":"2022-11-22T16:53:43","guid":{"rendered":"https:\/\/adequat.eu\/de\/?p=20527"},"modified":"2025-02-27T14:08:29","modified_gmt":"2025-02-27T13:08:29","slug":"welcher-draht-fuer-den-staketenzaun","status":"publish","type":"post","link":"https:\/\/adequat.eu\/de\/aktuell\/tips-tricks-deutsch\/welcher-draht-fuer-den-staketenzaun\/","title":{"rendered":"Welcher Draht f\u00fcr den Staketenzaun?"},"content":{"rendered":"<h2>Welcher Draht f\u00fcr den\u00a0Staketenzaun?<\/h2>\n<p><strong>Ein stabiler, verzinkter Eisen- bzw. Stahldraht, doppelt liegend.<\/strong><\/p>\n<p>Das ist die einfache Antwort auf die Frage, welcher Draht f\u00fcr den Staketenzaun am besten geeignet ist.<\/p>\n<p>Bei Ad\u00e9quat verwenden wir ausschlie\u00dflich robusten, dickverzinkten und damit witterungsbest\u00e4ndigen Draht f\u00fcr unsere <a href=\"https:\/\/adequat.eu\/de\/produkte\/kastanienzaun-naturzaun\/staketenzaun\/\">Staketenz\u00e4une aus Kastanie<\/a> und <a href=\"https:\/\/adequat.eu\/de\/produkte\/kastanienzaun-naturzaun\/staketenzaun-aus-robinie\/\">Robinie<\/a>.<\/p>\n<p>&nbsp;<\/p>\n<figure id=\"attachment_20548\" aria-describedby=\"caption-attachment-20548\" style=\"width: 992px\" class=\"wp-caption alignnone\"><img decoding=\"async\" class=\"size-medium wp-image-20548\" src=\"https:\/\/adequat.eu\/de\/wp-content\/uploads\/sites\/3\/2022\/11\/welcher-draht-fur-staketenzaun-992x662.jpg\" alt=\"Welcher Draht f\u00fcr Staketenzaun\" width=\"992\" height=\"662\" srcset=\"https:\/\/adequat.eu\/de\/wp-content\/uploads\/sites\/3\/2022\/11\/welcher-draht-fur-staketenzaun.jpg 924w, https:\/\/adequat.eu\/de\/wp-content\/uploads\/sites\/3\/2022\/11\/welcher-draht-fur-staketenzaun-800x533.jpg 800w, https:\/\/adequat.eu\/de\/wp-content\/uploads\/sites\/3\/2022\/11\/welcher-draht-fur-staketenzaun-384x256.jpg 384w, https:\/\/adequat.eu\/de\/wp-content\/uploads\/sites\/3\/2022\/11\/welcher-draht-fur-staketenzaun-576x384.jpg 576w, https:\/\/adequat.eu\/de\/wp-content\/uploads\/sites\/3\/2022\/11\/welcher-draht-fur-staketenzaun-768x512.jpg 768w, https:\/\/adequat.eu\/de\/wp-content\/uploads\/sites\/3\/2022\/11\/welcher-draht-fur-staketenzaun-1200x800.jpg 1200w\" sizes=\"(max-width: 992px) 100vw, 992px\" \/><figcaption id=\"caption-attachment-20548\" class=\"wp-caption-text\"><em>Welcher Draht f\u00fcr den Staketenzaun? Hier sieht man den dickverzinkten Draht, der die einzelnen Latten zusammenh\u00e4lt.<\/em><\/figcaption><\/figure>\n<p>&nbsp;<\/p>\n<p>Die Frage nach dem Draht f\u00fcr den Staketenzaun wird uns zwar nicht oft gestellt, taucht aber hin und wieder mal auf. Wir freuen uns immer, wenn sich Kunden nach der Qualit\u00e4t unserer Produkte erkundigen. Denn bei Ad\u00e9quat k\u00f6nnen wir mit gutem Gewissen sagen, dass wir hochwertige, langlebige Produkte anfertigen.<\/p>\n<p>&nbsp;<\/p>\n<h3>Draht f\u00fcr Staketenzaun &#8211; Marke Eigenbau<\/h3>\n<p>Manchmal kommt die Frage nach dem verwenden Draht f\u00fcr den Staketenzaun auch von Hobby-Heimwerkern, die sich daran probieren m\u00f6chten, selbst einen Staketenzaun zu bauen. Das k\u00f6nnen Sie nat\u00fcrlich machen, es ist aber wirklich viel Arbeit und dauert viele Stunden pro Meter.<\/p>\n<p>Bei Ad\u00e9quat fertigen wir nach echter franz\u00f6sischer Bauweise, nutzen aber spezielle Maschinen f\u00fcr unsere Herstellung. Denn das Verbinden der Zaunlatten (=Staketen) mit dem Eisendraht ist tats\u00e4chlich schwieriger und viel anstrengender als es scheint.<\/p>\n<p>Die Idee, einzelne Zaunlatten durch einen Draht miteinander zu verbinden, ist an sich zwar einfach. Allerdings liegt die Herausforderung (wie so oft) in der Praxis. Damit der Zaun nachher nicht schief und krumm wird, m\u00fcssen die Zaunlatten extrem genau den gleichen Abstand (unten und oben) zueinander haben.<\/p>\n<p>Je nach Zaunh\u00f6he werden 2, 3, 4 oder sogar 5 Dr\u00e4hte um die gleiche Latte gewickelt (unten, oben, mittig), damit der Zaun stabil wird.<\/p>\n<p>Das Wickeln des Drahts ist in der Handarbeit nicht nur anstrengend (der Draht ist sehr stabil), sondern auch sehr zeitaufwendig. So kann die Anfertigung eines Meters Zaun je nach Lattenabstand locker mehrere Stunden in Anspruch nehmen.<\/p>\n<p>Damit die einzelnen Latten sich nicht l\u00f6sen, muss der dicke Draht sehr eng um das Holz gewickelt werden.<\/p>\n<p>Besonders das enge und stabile Wickeln des Drahts ist nicht einfach, wenn man dies per Hand macht. Wir haben spezielle Maschinen, die diese Arbeiten f\u00fcr uns erledigen. Das ist viel effizienter, zeit- und kostensparend.<\/p>\n<p>&nbsp;<\/p>\n<p>&nbsp;<\/p>\n<figure id=\"attachment_20559\" aria-describedby=\"caption-attachment-20559\" style=\"width: 755px\" class=\"wp-caption alignnone\"><img decoding=\"async\" class=\" wp-image-20559\" src=\"https:\/\/adequat.eu\/de\/wp-content\/uploads\/sites\/3\/2022\/11\/draht-staketenzaun-992x655.jpg\" alt=\"Draht Staketenzaun Herstellung \" width=\"755\" height=\"498\" srcset=\"https:\/\/adequat.eu\/de\/wp-content\/uploads\/sites\/3\/2022\/11\/draht-staketenzaun.jpg 924w, https:\/\/adequat.eu\/de\/wp-content\/uploads\/sites\/3\/2022\/11\/draht-staketenzaun-384x253.jpg 384w, https:\/\/adequat.eu\/de\/wp-content\/uploads\/sites\/3\/2022\/11\/draht-staketenzaun-576x380.jpg 576w, https:\/\/adequat.eu\/de\/wp-content\/uploads\/sites\/3\/2022\/11\/draht-staketenzaun-768x507.jpg 768w\" sizes=\"(max-width: 755px) 100vw, 755px\" \/><figcaption id=\"caption-attachment-20559\" class=\"wp-caption-text\"><em>Effizient: Wir haben spezielle Maschinen, die den Draht beim Staketenzaun um die einzelnen Latten wickeln.\u00a0<\/em><\/figcaption><\/figure>\n<p>&nbsp;<\/p>\n<figure id=\"attachment_20564\" aria-describedby=\"caption-attachment-20564\" style=\"width: 563px\" class=\"wp-caption alignnone\"><img decoding=\"async\" class=\"size-full wp-image-20564\" src=\"https:\/\/adequat.eu\/de\/wp-content\/uploads\/sites\/3\/2022\/11\/staketenzaun-draht.jpg\" alt=\"Staketenzaun Draht\" width=\"563\" height=\"535\" srcset=\"https:\/\/adequat.eu\/de\/wp-content\/uploads\/sites\/3\/2022\/11\/staketenzaun-draht.jpg 563w, https:\/\/adequat.eu\/de\/wp-content\/uploads\/sites\/3\/2022\/11\/staketenzaun-draht-384x365.jpg 384w\" sizes=\"(max-width: 563px) 100vw, 563px\" \/><figcaption id=\"caption-attachment-20564\" class=\"wp-caption-text\"><em>Hier sieht man, wie eine unserer Maschinen den Draht um die Staketenzaun-Latten wickelt.<\/em><\/figcaption><\/figure>\n<p>&nbsp;<\/p>\n<h4>Wie oft muss man den Draht zwischen den Staketen wickeln?<\/h4>\n<p>Das h\u00e4ngt davon ab, wie gro\u00df der Lattenabstand sein soll. Die Anzahl der Wickelungen des Drahts zwischen den zwei Zaunlatten bestimmt den Abstand zwischen den einzelnen Latten. Achten Sie daher immer darauf, die gleiche Anzahl der Wickelungen zu verwenden und vor allen Dingen, dass der Draht sehr eng und straff gewickelt wird. Verwenden Sie am besten Handschuhe, wenn Sie dies per Hand machen m\u00f6chten.<\/p>\n<p>&nbsp;<\/p>\n<p><strong>Haben Sie Zeit, Geduld und Ausdauer und m\u00f6chten selbst die Staketen mit dem Draht verbinden?<\/strong><\/p>\n<p>Dann k\u00f6nnen Sie bei Ad\u00e9quat auch <a href=\"https:\/\/adequat.eu\/de\/produkt\/holzprodukte\/staketen-aus-kastanie\/staketen-latten-einzeln\/\">einzelne Staketen (Zaunlatten)<\/a> f\u00fcr Ihr DIY-Heimwerker Projekt bestellen.<\/p>\n<p>&nbsp;<\/p>\n<blockquote class=\"wp-embedded-content\" data-secret=\"TiU9uZMrd0\"><p><a href=\"https:\/\/adequat.eu\/de\/produkt\/holzprodukte\/staketen-aus-kastanie\/staketen-latten-einzeln\/\">Staketen Latten einzeln<\/a><\/p><\/blockquote>\n<p><iframe loading=\"lazy\" class=\"wp-embedded-content\" sandbox=\"allow-scripts\" security=\"restricted\" style=\"position: absolute; visibility: hidden;\" title=\"&#8220;Staketen Latten einzeln&#8221; &#8212; Ad\u00e9quat\" src=\"https:\/\/adequat.eu\/de\/produkt\/holzprodukte\/staketen-aus-kastanie\/staketen-latten-einzeln\/embed\/#?secret=7TSpQ30K8T#?secret=TiU9uZMrd0\" data-secret=\"TiU9uZMrd0\" width=\"500\" height=\"282\" frameborder=\"0\" marginwidth=\"0\" marginheight=\"0\" scrolling=\"no\"><\/iframe><\/p>\n<h4>Kann ich einen Staketenzaun auch ohne Draht bauen?<\/h4>\n<p>Ja, das geht! Wenn Sie keinen Draht verwenden m\u00f6chten, k\u00f6nnen Sie die Zaunlatten auch durch Querstreben miteinander verbinden, so wie in diesen Fotos zu sehen ist:<\/p>\n<figure id=\"attachment_20551\" aria-describedby=\"caption-attachment-20551\" style=\"width: 480px\" class=\"wp-caption alignnone\"><img decoding=\"async\" class=\"size-full wp-image-20551\" src=\"https:\/\/adequat.eu\/de\/wp-content\/uploads\/sites\/3\/2022\/11\/welcher-draht-fur-den-staketenzaun.jpg\" alt=\"Welcher Draht f\u00fcr den Staketenzaun\" width=\"480\" height=\"640\" srcset=\"https:\/\/adequat.eu\/de\/wp-content\/uploads\/sites\/3\/2022\/11\/welcher-draht-fur-den-staketenzaun.jpg 480w, https:\/\/adequat.eu\/de\/wp-content\/uploads\/sites\/3\/2022\/11\/welcher-draht-fur-den-staketenzaun-384x512.jpg 384w\" sizes=\"(max-width: 480px) 100vw, 480px\" \/><figcaption id=\"caption-attachment-20551\" class=\"wp-caption-text\"><em>Welcher Draht f\u00fcr den Staketenzaun? Es geht auch ohne Draht!<\/em><\/figcaption><\/figure>\n<p>Schrauben Sie die einzelnen Staketen einfach mit <a href=\"https:\/\/adequat.eu\/de\/produkt\/holzprodukte-2\/befestigungsmaterialien\/schrauben-edelstahl-holz\/\">diesen Schrauben<\/a> an den Querstreben fest.<\/p>\n<p>Die Querstreben befestigen Sie \u00a0vor dem Anbringen der Staketen an den Holzpf\u00e4hlen.<\/p>\n<p>Als Querstreben k\u00f6nnen Sie unsere <a href=\"https:\/\/adequat.eu\/de\/produkt\/holzpfaehle-holzpfosten\/kastanienpfaehle-kastanienpfosten\/zaunlatten-halbrund-zaunriegel-halbrundholz\/\">halbrunden Querstreben aus Kastanie<\/a> verwenden oder aber auch unsere <a href=\"https:\/\/adequat.eu\/de\/produkte\/holzpfaehle-holzpfosten\/kastanienpfaehle-kastanienpfosten\/\">runden Pf\u00e4hle<\/a> mit einem geringeren Durchmesser.<\/p>\n<blockquote class=\"wp-embedded-content\" data-secret=\"iV4hfpg2Vl\"><p><a href=\"https:\/\/adequat.eu\/de\/produkt\/holzpfaehle-holzpfosten\/kastanienpfaehle-kastanienpfosten\/zaunpfahl-kastanie\/\">Kastanienpfahl \u00f8 7\/9 cm<\/a><\/p><\/blockquote>\n<p><iframe loading=\"lazy\" class=\"wp-embedded-content\" sandbox=\"allow-scripts\" security=\"restricted\" style=\"position: absolute; visibility: hidden;\" title=\"&#8220;Kastanienpfahl \u00f8 7\/9 cm&#8221; &#8212; Ad\u00e9quat\" src=\"https:\/\/adequat.eu\/de\/produkt\/holzpfaehle-holzpfosten\/kastanienpfaehle-kastanienpfosten\/zaunpfahl-kastanie\/embed\/#?secret=931uV5lFOM#?secret=iV4hfpg2Vl\" data-secret=\"iV4hfpg2Vl\" width=\"500\" height=\"282\" frameborder=\"0\" marginwidth=\"0\" marginheight=\"0\" scrolling=\"no\"><\/iframe><\/p>\n<p>&nbsp;<\/p>\n<h4>Fragen zum Thema Draht f\u00fcr den Staketenzaun?<\/h4>\n<p>Haben Sie noch Fragen zum Draht f\u00fcr den Staketenzaun oder andere Fragen zu unseren Produkten?<br \/>\nMelden Sie sich einfach bei uns. Wir helfen Ihnen gern weiter, pers\u00f6nlich bei einem netten und ehrlichen Gespr\u00e4ch.<\/p>\n<p>&nbsp;<\/p>\n<p><div class=\"embed-responsive embed-responsive-16by9\"><iframe loading=\"lazy\" title=\"Ad\u00e9quat in een vogelvlucht\" width=\"500\" height=\"281\" src=\"https:\/\/www.youtube.com\/embed\/uvxEiArzI4s?feature=oembed&#038;enablejsapi=1&#038;origin=https:\/\/adequat.eu\" frameborder=\"0\" allow=\"accelerometer; autoplay; clipboard-write; encrypted-media; gyroscope; picture-in-picture; web-share\" referrerpolicy=\"strict-origin-when-cross-origin\" allowfullscreen><\/iframe><\/div><\/p>\n","protected":false},"excerpt":{"rendered":"<p>Manchmal werden wir gefragt, welchen Draht wir f\u00fcr den Staketenzaun verwenden. Hier ist die Antwort.<\/p>\n","protected":false},"author":7,"featured_media":20548,"comment_status":"closed","ping_status":"closed","sticky":false,"template":"","format":"standard","meta":{"_acf_changed":false,"inline_featured_image":false,"_trash_the_other_posts":false,"ep_exclude_from_search":false,"iawp_total_views":365,"editor_notices":[],"footnotes":""},"categories":[335,349],"tags":[],"class_list":["post-20527","post","type-post","status-publish","format-standard","has-post-thumbnail","hentry","category-aktuell","category-tips-tricks-deutsch"],"acf":[],"_links":{"self":[{"href":"https:\/\/adequat.eu\/de\/wp-json\/wp\/v2\/posts\/20527","targetHints":{"allow":["GET"]}}],"collection":[{"href":"https:\/\/adequat.eu\/de\/wp-json\/wp\/v2\/posts"}],"about":[{"href":"https:\/\/adequat.eu\/de\/wp-json\/wp\/v2\/types\/post"}],"author":[{"embeddable":true,"href":"https:\/\/adequat.eu\/de\/wp-json\/wp\/v2\/users\/7"}],"replies":[{"embeddable":true,"href":"https:\/\/adequat.eu\/de\/wp-json\/wp\/v2\/comments?post=20527"}],"version-history":[{"count":7,"href":"https:\/\/adequat.eu\/de\/wp-json\/wp\/v2\/posts\/20527\/revisions"}],"predecessor-version":[{"id":34324,"href":"https:\/\/adequat.eu\/de\/wp-json\/wp\/v2\/posts\/20527\/revisions\/34324"}],"wp:featuredmedia":[{"embeddable":true,"href":"https:\/\/adequat.eu\/de\/wp-json\/wp\/v2\/media\/20548"}],"wp:attachment":[{"href":"https:\/\/adequat.eu\/de\/wp-json\/wp\/v2\/media?parent=20527"}],"wp:term":[{"taxonomy":"category","embeddable":true,"href":"https:\/\/adequat.eu\/de\/wp-json\/wp\/v2\/categories?post=20527"},{"taxonomy":"post_tag","embeddable":true,"href":"https:\/\/adequat.eu\/de\/wp-json\/wp\/v2\/tags?post=20527"}],"curies":[{"name":"wp","href":"https:\/\/api.w.org\/{rel}","templated":true}]}}