{"id":24152,"date":"2023-09-01T15:27:57","date_gmt":"2023-09-01T13:27:57","guid":{"rendered":"https:\/\/adequat.eu\/de\/?p=24152"},"modified":"2025-10-15T17:12:38","modified_gmt":"2025-10-15T15:12:38","slug":"hochwertiger-holzzaun-waldrand","status":"publish","type":"post","link":"https:\/\/adequat.eu\/de\/aktuell\/der-gewinner-des-monats\/hochwertiger-holzzaun-waldrand\/","title":{"rendered":"Hochwertiger Holzzaun am Waldrand"},"content":{"rendered":"","protected":false},"excerpt":{"rendered":"<p>Sanft schmiegt sich der Holzzaun an die bl\u00fchenden Hortensien und bildet eine sch\u00f6ne, naturnahe Grundst\u00fccksgrenze.<\/p>\n","protected":false},"author":7,"featured_media":24026,"comment_status":"closed","ping_status":"closed","sticky":false,"template":"","format":"standard","meta":{"_acf_changed":false,"inline_featured_image":false,"_trash_the_other_posts":false,"ep_exclude_from_search":false,"iawp_total_views":20,"editor_notices":[],"footnotes":""},"categories":[707,350,711],"tags":[],"class_list":["post-24152","post","type-post","status-publish","format-standard","has-post-thumbnail","hentry","category-gartenideen","category-der-gewinner-des-monats","category-zaeune"],"acf":[],"_links":{"self":[{"href":"https:\/\/adequat.eu\/de\/wp-json\/wp\/v2\/posts\/24152","targetHints":{"allow":["GET"]}}],"collection":[{"href":"https:\/\/adequat.eu\/de\/wp-json\/wp\/v2\/posts"}],"about":[{"href":"https:\/\/adequat.eu\/de\/wp-json\/wp\/v2\/types\/post"}],"author":[{"embeddable":true,"href":"https:\/\/adequat.eu\/de\/wp-json\/wp\/v2\/users\/7"}],"replies":[{"embeddable":true,"href":"https:\/\/adequat.eu\/de\/wp-json\/wp\/v2\/comments?post=24152"}],"version-history":[{"count":10,"href":"https:\/\/adequat.eu\/de\/wp-json\/wp\/v2\/posts\/24152\/revisions"}],"predecessor-version":[{"id":40584,"href":"https:\/\/adequat.eu\/de\/wp-json\/wp\/v2\/posts\/24152\/revisions\/40584"}],"wp:featuredmedia":[{"embeddable":true,"href":"https:\/\/adequat.eu\/de\/wp-json\/wp\/v2\/media\/24026"}],"wp:attachment":[{"href":"https:\/\/adequat.eu\/de\/wp-json\/wp\/v2\/media?parent=24152"}],"wp:term":[{"taxonomy":"category","embeddable":true,"href":"https:\/\/adequat.eu\/de\/wp-json\/wp\/v2\/categories?post=24152"},{"taxonomy":"post_tag","embeddable":true,"href":"https:\/\/adequat.eu\/de\/wp-json\/wp\/v2\/tags?post=24152"}],"curies":[{"name":"wp","href":"https:\/\/api.w.org\/{rel}","templated":true}]}}