{"id":26794,"date":"2024-02-20T20:14:46","date_gmt":"2024-02-20T19:14:46","guid":{"rendered":"https:\/\/adequat.eu\/de\/?p=26794"},"modified":"2025-07-17T11:40:36","modified_gmt":"2025-07-17T09:40:36","slug":"garten-kindgerecht-einzaeunen","status":"publish","type":"post","link":"https:\/\/adequat.eu\/de\/aktuell\/garten-kindgerecht-einzaeunen\/","title":{"rendered":"Garten kindgerecht einz\u00e4unen"},"content":{"rendered":"","protected":false},"excerpt":{"rendered":"<p>Welcher Gartenzaun eignet sich f\u00fcr Kinder? Was muss ich beachten? Welche H\u00f6he ist geeignet? Diese Fragen beantworten wir hier.<\/p>\n","protected":false},"author":7,"featured_media":26797,"comment_status":"closed","ping_status":"closed","sticky":false,"template":"","format":"standard","meta":{"_acf_changed":false,"inline_featured_image":false,"_trash_the_other_posts":false,"ep_exclude_from_search":false,"iawp_total_views":748,"editor_notices":[],"footnotes":""},"categories":[335,707,428,713],"tags":[],"class_list":["post-26794","post","type-post","status-publish","format-standard","has-post-thumbnail","hentry","category-aktuell","category-gartenideen","category-anwendungen","category-kinder"],"acf":[],"_links":{"self":[{"href":"https:\/\/adequat.eu\/de\/wp-json\/wp\/v2\/posts\/26794","targetHints":{"allow":["GET"]}}],"collection":[{"href":"https:\/\/adequat.eu\/de\/wp-json\/wp\/v2\/posts"}],"about":[{"href":"https:\/\/adequat.eu\/de\/wp-json\/wp\/v2\/types\/post"}],"author":[{"embeddable":true,"href":"https:\/\/adequat.eu\/de\/wp-json\/wp\/v2\/users\/7"}],"replies":[{"embeddable":true,"href":"https:\/\/adequat.eu\/de\/wp-json\/wp\/v2\/comments?post=26794"}],"version-history":[{"count":14,"href":"https:\/\/adequat.eu\/de\/wp-json\/wp\/v2\/posts\/26794\/revisions"}],"predecessor-version":[{"id":32104,"href":"https:\/\/adequat.eu\/de\/wp-json\/wp\/v2\/posts\/26794\/revisions\/32104"}],"wp:featuredmedia":[{"embeddable":true,"href":"https:\/\/adequat.eu\/de\/wp-json\/wp\/v2\/media\/26797"}],"wp:attachment":[{"href":"https:\/\/adequat.eu\/de\/wp-json\/wp\/v2\/media?parent=26794"}],"wp:term":[{"taxonomy":"category","embeddable":true,"href":"https:\/\/adequat.eu\/de\/wp-json\/wp\/v2\/categories?post=26794"},{"taxonomy":"post_tag","embeddable":true,"href":"https:\/\/adequat.eu\/de\/wp-json\/wp\/v2\/tags?post=26794"}],"curies":[{"name":"wp","href":"https:\/\/api.w.org\/{rel}","templated":true}]}}